{"id":2087,"date":"2025-10-08T11:19:23","date_gmt":"2025-10-08T09:19:23","guid":{"rendered":"https:\/\/patrimoinesinvisibles.com\/?p=2087"},"modified":"2025-12-12T14:27:16","modified_gmt":"2025-12-12T13:27:16","slug":"pauline-grousset","status":"publish","type":"post","link":"https:\/\/patrimoinesinvisibles.com\/index.php\/2025\/10\/08\/pauline-grousset\/","title":{"rendered":"Pauline Grousset"},"content":{"rendered":"\n<p>Doctorante musicologue \u00e0 Sorbonne Universit\u00e9 <\/p>\n\n\n\n<p>paulinegrousset@gmail.com <\/p>\n\n\n\n<p>+33670060583<\/p>\n\n\n\n<p>N\u00e9e en 1997, Pauline Grousset \u00e9tudie le violon \u00e0 partir de ses 6 ans, puis la contrebasse \u00e0<br>partir de ses 15 ans au conservatoire de Rouen puis \u00e0 Paris. Elle apprend \u00e9galement d&#8217;autres<br>instruments en autodidacte, chante dans divers ch\u0153urs, et joue dans plusieurs formations et<br>groupes, du baroque au jazz en passant par la funk. Elle s&#8217;int\u00e9resse \u00e9galement assez jeune au<br>cin\u00e9ma et \u00e0 la vid\u00e9o en g\u00e9n\u00e9ral, mais aussi aux langues et aux cultures qui lui sont \u00e9trang\u00e8res.<br>Apr\u00e8s son baccalaur\u00e9at, elle s&#8217;oriente vers la licence de musique et musicologie de Sorbonne<br>Universit\u00e9, et fait la rencontre de l&#8217;ethnomusicologie. C&#8217;est ainsi qu&#8217;elle commence un master de<br>recherche en musicologie, \u00e0 la fin duquel elle soutiendra un m\u00e9moire sur &#8220;La festivalisation du<br>chant de marin en France et aux \u00c9tats-Unis&#8221;, dirig\u00e9 par Fran\u00e7ois Picard. Aujourd\u2019hui, elle travaille<br>sur une th\u00e8se intitul\u00e9e &#8220;L&#8217;oralit\u00e9 en contexte &#8211; L&#8217;\u00e9volution de la transmission du r\u00e9pertoire musical<br>de culture maritime, entre Nantes et La Rochelle&nbsp;\u00bb sous la direction d\u2019Alice Tacaille et Sophie-Anne<br>Leterrier.<\/p>\n","protected":false},"excerpt":{"rendered":"<p>Doctorante musicologue \u00e0 Sorbonne Universit\u00e9 paulinegrousset@gmail.com +33670060583 N\u00e9e en 1997, Pauline Grousset \u00e9tudie le violon \u00e0 partir de ses 6 ans, puis la contrebasse \u00e0partir de ses 15 ans au conservatoire de Rouen puis \u00e0 Paris. Elle apprend \u00e9galement d&#8217;autresinstruments en autodidacte, chante dans divers ch\u0153urs, et joue dans plusieurs formations etgroupes, du baroque au [&hellip;]<\/p>\n","protected":false},"author":2,"featured_media":2088,"comment_status":"open","ping_status":"open","sticky":false,"template":"","format":"standard","meta":{"_acf_changed":false,"footnotes":""},"categories":[19],"tags":[],"class_list":["post-2087","post","type-post","status-publish","format-standard","has-post-thumbnail","hentry","category-lequipe"],"acf":[],"_links":{"self":[{"href":"https:\/\/patrimoinesinvisibles.com\/index.php\/wp-json\/wp\/v2\/posts\/2087","targetHints":{"allow":["GET"]}}],"collection":[{"href":"https:\/\/patrimoinesinvisibles.com\/index.php\/wp-json\/wp\/v2\/posts"}],"about":[{"href":"https:\/\/patrimoinesinvisibles.com\/index.php\/wp-json\/wp\/v2\/types\/post"}],"author":[{"embeddable":true,"href":"https:\/\/patrimoinesinvisibles.com\/index.php\/wp-json\/wp\/v2\/users\/2"}],"replies":[{"embeddable":true,"href":"https:\/\/patrimoinesinvisibles.com\/index.php\/wp-json\/wp\/v2\/comments?post=2087"}],"version-history":[{"count":3,"href":"https:\/\/patrimoinesinvisibles.com\/index.php\/wp-json\/wp\/v2\/posts\/2087\/revisions"}],"predecessor-version":[{"id":2093,"href":"https:\/\/patrimoinesinvisibles.com\/index.php\/wp-json\/wp\/v2\/posts\/2087\/revisions\/2093"}],"wp:featuredmedia":[{"embeddable":true,"href":"https:\/\/patrimoinesinvisibles.com\/index.php\/wp-json\/wp\/v2\/media\/2088"}],"wp:attachment":[{"href":"https:\/\/patrimoinesinvisibles.com\/index.php\/wp-json\/wp\/v2\/media?parent=2087"}],"wp:term":[{"taxonomy":"category","embeddable":true,"href":"https:\/\/patrimoinesinvisibles.com\/index.php\/wp-json\/wp\/v2\/categories?post=2087"},{"taxonomy":"post_tag","embeddable":true,"href":"https:\/\/patrimoinesinvisibles.com\/index.php\/wp-json\/wp\/v2\/tags?post=2087"}],"curies":[{"name":"wp","href":"https:\/\/api.w.org\/{rel}","templated":true}]}}