{"id":1932,"date":"2025-06-25T16:24:21","date_gmt":"2025-06-25T14:24:21","guid":{"rendered":"https:\/\/patrimoinesinvisibles.com\/?p=1932"},"modified":"2026-02-05T11:48:11","modified_gmt":"2026-02-05T10:48:11","slug":"celebrer-les-geants","status":"publish","type":"post","link":"https:\/\/patrimoinesinvisibles.com\/index.php\/2025\/06\/25\/celebrer-les-geants\/","title":{"rendered":"C\u00e9l\u00e9brer les g\u00e9ants"},"content":{"rendered":"\n<p>Les g\u00e9ants, \u00e9l\u00e9ments spectaculaires du patrimoine de nombreuses localit\u00e9s des Hauts-de-France, mais aussi d\u2019ailleurs (Belgique ou Catalogne par exemple) , sont sortis en diverses occasions et sous&nbsp; diverses formes. Nombre d&#8217;entre eux ne sont montr\u00e9s qu\u2019en des occasions pr\u00e9cises, comme des f\u00eates patriotiques, populaires, ou religieuses&nbsp;;&nbsp; d\u2019autres le sont au contraire beaucoup plus r\u00e9guli\u00e8rement. En effet, si certains g\u00e9ants comme Colas, Jacqueline, D\u00e9d\u00e9, l\u2019Ami Bidasse et le Jouteur \u00e0 Arras ne sont montr\u00e9s qu\u2019une ou deux fois par an \u00e0 l\u2019occasion du championnat du monde de la frite ou de la f\u00eate de l\u2019andouillette. Batisse, Zabelle et leur fils Tit Pierre sont de sortie quasiment chaque week-end au moment des diverses f\u00eates maritimes de la C\u00f4te d\u2019Opale ou lors du march\u00e9 de No\u00ebl de Boulogne, mais aussi lors de grands \u00e9v\u00e9nements ponctuels comme le passage de la flamme olympique en 2024 ou des inaugurations. Une chanson du r\u00e9pertoire local, <a href=\"https:\/\/youtu.be\/yt46qk7umEM?si=rfeqCeJqaVECnW4h&amp;t=275\" data-type=\"link\" data-id=\"https:\/\/youtu.be\/yt46qk7umEM?si=rfeqCeJqaVECnW4h&amp;t=275\">interpr\u00e9t\u00e9e par les Soleils Boulonnais<\/a>, leur est d\u2019ailleurs consacr\u00e9e.<\/p>\n\n\n\n<p>La diff\u00e9rence entre ces deux cas est particuli\u00e8rement repr\u00e9sentative de modes de gestion diff\u00e9rents de ces g\u00e9ants. Les g\u00e9ants d\u2019Arras, comme la majorit\u00e9 de ceux dont la municipalit\u00e9 a la responsabilit\u00e9, sont expos\u00e9s dans l\u2019H\u00f4tel de ville toute l\u2019ann\u00e9e et de sortie tr\u00e8s occasionnellement. \u00c0 Boulogne en revanche, si plusieurs g\u00e9n\u00e9rations de g\u00e9ants ont \u00e9t\u00e9 tout d\u2019abord prises en charge par la municipalit\u00e9, les repr\u00e9sentations actuelles (quatri\u00e8me g\u00e9n\u00e9ration) de Batisse et Zabelle sont, depuis leur cr\u00e9ation en&nbsp; 2003, sous la gestion de l\u2019association \u00ab M\u00e9moire d\u2019Opale \u00bb, qui s\u2019occupe de leur entretien,de&nbsp; leur sortie et des animations auxquelles ils participent. Une \u00e9quipe leur est compl\u00e8tement vou\u00e9e, ce qui permet leurs sorties r\u00e9guli\u00e8res.<\/p>\n\n\n\n<p>Toutefois, les g\u00e9ants de Boulogne, tout comme ceux d\u2019Arras et d\u2019autres villes, sortent en ville \u00e0 l&#8217;occasion de nombreuses festivit\u00e9s mais qui ne leurs sont pas sp\u00e9cifiquement d\u00e9di\u00e9es. Autrement dit, la sortie des g\u00e9ants dans ces deux cas constitue une animation dans un programme vari\u00e9 et plus large, il ne s&#8217;agit pas d&#8217;une f\u00eate pour c\u00e9l\u00e9brer la sortie des g\u00e9ants mais d&#8217;une sortie de g\u00e9ants pour c\u00e9l\u00e9brer autre chose (la mer, les harengs ou un \u00e9v\u00e9nement plus ponctuel comme un \u00e9v\u00e9nement sportif). Il existe cependant des festivit\u00e9s dont les g\u00e9ants sont le c\u0153ur. Dans ces cas de figure, la f\u00eate porte souvent le nom du g\u00e9ant qu\u2019elle c\u00e9l\u00e8bre, et un ensemble d\u2019animations s&#8217;y attache, comme des fanfares ou des stands d\u2019expositions. C\u2019est le cas par exemple pour la \u00ab F\u00eate de la Matelote \u00bb qui se tient \u00e0 Grand-Fort-Philippe tous les ans. Lors de cette journ\u00e9e (en avril ou en mai), un certain nombre de g\u00e9ants de la r\u00e9gion sont invit\u00e9s pour l\u2019organisation d\u2019un d\u00e9fil\u00e9 dans la ville. Tous les trois ans, un \u00e9v\u00e9nement majeur de la vie de cette Matelote est c\u00e9l\u00e9br\u00e9. Par exemple, en 2000, elle est officiellement mari\u00e9e avec l\u2019Islandais\u00a0; en 2003 on c\u00e9l\u00e8bre la naissance et le bapt\u00eame de leur fils Fiu. Cette journ\u00e9e est donc l\u2019occasion d&#8217;agrandir la famille des g\u00e9ants de Fort-Philippe (au nombre total de huit aujourd\u2019hui).<\/p>\n\n\n\n<p>Certaines f\u00eates consacr\u00e9es aux g\u00e9ants sont \u00e9galement des moments forts de l\u2019ann\u00e9e pour des villes, une de leurs f\u00eates les plus importantes. Douai notamment, \u00ab capitale des g\u00e9ants&nbsp;\u00bb, c\u00e9l\u00e8bre chaque ann\u00e9e d\u00e9but juillet, pendant deux semaines&nbsp;la \u00ab f\u00eate de Gayant \u00bb, la famille de g\u00e9ants embl\u00e9matiques cr\u00e9\u00e9e en m\u00e9moire de la d\u00e9fense de la ville de Douai contre les troupes fran\u00e7aises durant le XVI<sup>e<\/sup> si\u00e8cle. Ces deux semaines de festivit\u00e9s ont leur apoth\u00e9ose lors des trois jours o\u00f9 la famille Gayant au complet (Monsieur Gayant et Madame Marie Cagenon et leurs enfants Jacquot, Fillon et Binbin dit Tiot Tourni) sortent dans la ville pour la seule fois de l\u2019ann\u00e9e. Cette f\u00eate, inscrite en 2005&nbsp; sur la liste du patrimoine culturel immat\u00e9riel de l\u2019UNESCO, est tellement importante pour les Douaisiens que l\u2019ann\u00e9e est compos\u00e9e en deux temps, entre \u00ab l\u2019avant \u00bb et \u00ab l\u2019apr\u00e8s-gayant \u00bb.<\/p>\n\n\n\n<div style=\"height:14px\" aria-hidden=\"true\" class=\"wp-block-spacer\"><\/div>\n\n\n\n<figure class=\"wp-block-embed is-type-video is-provider-youtube wp-block-embed-youtube wp-embed-aspect-16-9 wp-has-aspect-ratio\"><div class=\"wp-block-embed__wrapper\">\n<iframe title=\"Me\u0301moires de Gayant 1910 - 2010\" width=\"800\" height=\"450\" src=\"https:\/\/www.youtube.com\/embed\/W4Inm-BwrTg?list=PLXiEUh77a3qqQylw_yrZL6SIDSOmnQhWj\" frameborder=\"0\" allow=\"accelerometer; autoplay; clipboard-write; encrypted-media; gyroscope; picture-in-picture; web-share\" referrerpolicy=\"strict-origin-when-cross-origin\" allowfullscreen><\/iframe>\n<\/div><\/figure>\n\n\n\n<div style=\"height:16px\" aria-hidden=\"true\" class=\"wp-block-spacer\"><\/div>\n\n\n\n<p>Enfin, il faut signaler les moments consacr\u00e9s aux rassemblements des g\u00e9ants qui ont lieu par exemple \u00e0&nbsp; Bouvines et surtout \u00e0 Steenvoorde lors de la \u00ab Ronde des G\u00e9ants \u00bb, autour du week-end du premier mai, ce qui permet la venue de g\u00e9ants de toute l\u2019Europe, avec d\u00e9fil\u00e9s, danses et accueil de groupes folkloriques et carnavalesques. Le festival de Steenvoorde prend r\u00e9guli\u00e8rement la d\u00e9nomination de \u00ab ronde europ\u00e9enne des g\u00e9ants port\u00e9s \u00bb, ce qui institue la rencontre et la mise en relation de la grande famille des g\u00e9ants, qui s\u2019agrandit d\u2019ann\u00e9e en ann\u00e9e. Le 31 ao\u00fbt 2025, \u00e0 l&#8217;occasion de la f\u00eate de l&#8217;andouillette o\u00f9 sont sortis les g\u00e9ants d&#8217;Arras, il sera baptis\u00e9 une nouvelle g\u00e9ante, \u00e0 savoir Mahaut d&#8217;Artois faisant r\u00e9f\u00e9rence \u00e0 la comtesse du m\u00eame nom (1270 \u2013 1329).<\/p>\n\n\n\n<div style=\"height:14px\" aria-hidden=\"true\" class=\"wp-block-spacer\"><\/div>\n\n\n\n<figure class=\"wp-block-embed is-type-video is-provider-youtube wp-block-embed-youtube wp-embed-aspect-16-9 wp-has-aspect-ratio\"><div class=\"wp-block-embed__wrapper\">\n<iframe title=\"Ronde des g\u00e9ants Steenvoorde 29 avril 2012\" width=\"800\" height=\"450\" src=\"https:\/\/www.youtube.com\/embed\/jDE-Bp78DEM?list=PLXiEUh77a3qqQylw_yrZL6SIDSOmnQhWj\" frameborder=\"0\" allow=\"accelerometer; autoplay; clipboard-write; encrypted-media; gyroscope; picture-in-picture; web-share\" referrerpolicy=\"strict-origin-when-cross-origin\" allowfullscreen><\/iframe>\n<\/div><\/figure>\n\n\n\n<div style=\"height:25px\" aria-hidden=\"true\" class=\"wp-block-spacer\"><\/div>\n","protected":false},"excerpt":{"rendered":"<p>Les g\u00e9ants, \u00e9l\u00e9ments spectaculaires du patrimoine de nombreuses localit\u00e9s des Hauts-de-France, mais aussi d\u2019ailleurs (Belgique ou Catalogne par exemple) , sont sortis en diverses occasions et sous&nbsp; diverses formes. Nombre d&#8217;entre eux ne sont montr\u00e9s qu\u2019en des occasions pr\u00e9cises, comme des f\u00eates patriotiques, populaires, ou religieuses&nbsp;;&nbsp; d\u2019autres le sont au contraire beaucoup plus r\u00e9guli\u00e8rement. En [&hellip;]<\/p>\n","protected":false},"author":2,"featured_media":1953,"comment_status":"open","ping_status":"open","sticky":false,"template":"","format":"standard","meta":{"_acf_changed":false,"footnotes":""},"categories":[7,9,6],"tags":[],"class_list":["post-1932","post","type-post","status-publish","format-standard","has-post-thumbnail","hentry","category-fetes","category-geants","category-patrimoines"],"acf":[],"_links":{"self":[{"href":"https:\/\/patrimoinesinvisibles.com\/index.php\/wp-json\/wp\/v2\/posts\/1932","targetHints":{"allow":["GET"]}}],"collection":[{"href":"https:\/\/patrimoinesinvisibles.com\/index.php\/wp-json\/wp\/v2\/posts"}],"about":[{"href":"https:\/\/patrimoinesinvisibles.com\/index.php\/wp-json\/wp\/v2\/types\/post"}],"author":[{"embeddable":true,"href":"https:\/\/patrimoinesinvisibles.com\/index.php\/wp-json\/wp\/v2\/users\/2"}],"replies":[{"embeddable":true,"href":"https:\/\/patrimoinesinvisibles.com\/index.php\/wp-json\/wp\/v2\/comments?post=1932"}],"version-history":[{"count":6,"href":"https:\/\/patrimoinesinvisibles.com\/index.php\/wp-json\/wp\/v2\/posts\/1932\/revisions"}],"predecessor-version":[{"id":2174,"href":"https:\/\/patrimoinesinvisibles.com\/index.php\/wp-json\/wp\/v2\/posts\/1932\/revisions\/2174"}],"wp:featuredmedia":[{"embeddable":true,"href":"https:\/\/patrimoinesinvisibles.com\/index.php\/wp-json\/wp\/v2\/media\/1953"}],"wp:attachment":[{"href":"https:\/\/patrimoinesinvisibles.com\/index.php\/wp-json\/wp\/v2\/media?parent=1932"}],"wp:term":[{"taxonomy":"category","embeddable":true,"href":"https:\/\/patrimoinesinvisibles.com\/index.php\/wp-json\/wp\/v2\/categories?post=1932"},{"taxonomy":"post_tag","embeddable":true,"href":"https:\/\/patrimoinesinvisibles.com\/index.php\/wp-json\/wp\/v2\/tags?post=1932"}],"curies":[{"name":"wp","href":"https:\/\/api.w.org\/{rel}","templated":true}]}}