{"id":1909,"date":"2025-06-12T15:00:11","date_gmt":"2025-06-12T13:00:11","guid":{"rendered":"https:\/\/patrimoinesinvisibles.com\/?p=1909"},"modified":"2026-02-04T17:13:41","modified_gmt":"2026-02-04T16:13:41","slug":"baptiste-pruvost","status":"publish","type":"post","link":"https:\/\/patrimoinesinvisibles.com\/index.php\/2025\/06\/12\/baptiste-pruvost\/","title":{"rendered":"Baptiste Pruvost"},"content":{"rendered":"\n<p>Stagiaire, Universit\u00e9 d\u2019ArtoisEtudiant en Master \u00ab\u00a0Art de la sc\u00e8ne et du spectacle vivant\u00a0\u00bb \u00e0 l\u2019Universit\u00e9 d\u2019Artois, je travaille sous la direction de Nathalie Gauthard sur les revues patoisantes du Boulonnais et les formes de mises en valeur du picard et du patrimoine immat\u00e9riel maritime par le spectacle vivant. Je suis charg\u00e9, au sein du projet PATRINVI d\u2019alimenter le pr\u00e9sent site en mettant en avant\u00a0une grande vari\u00e9t\u00e9\u00a0de formes patrimoniales de la r\u00e9gion et plus sp\u00e9cifiquement\u00a0de\u00a0la r\u00e9gion boulonnaise. Com\u00e9dien patoisant au sein de la Revue Boulonnaise depuis 2023, je pr\u00e9side\u00a0depuis juillet 2024 l\u2019association \u00ab\u00a0Parlons Portelois\u00a0\u00bb, qui\u00a0a organis\u00e9 la renaissance de la revue patoisante de Le Portel en 2025. J\u2019y ai tenu les r\u00f4les de co-auteur, metteur en sc\u00e8ne, dramaturge et com\u00e9dien. L\u2019association travaille avec de nombreuses associations et r\u00e9seaux comme les Soleils Boulonnais au sein du \u00ab\u00a0R\u00e9seau d\u2019acteurs pour la promotion du patois boulonnais\u00a0\u00bb. Fort de mes exp\u00e9riences artistiques dans ce domaine et ma passion pour l\u2019histoire locale, j\u2019\u0153uvre \u00e9galement\u00a0en tant qu\u2019adjoint \u00e0 la mise en sc\u00e8ne pour\u00a0les Sons &amp; lumi\u00e8res historiques comme \u00ab\u00a0L\u2019\u00e9tonnante Histoire de Boulogne-sur-Mer\u00a0\u00bb,\u00a0dont les\u00a0recettes servent \u00e0\u00a0la restauration de la Basilique de Boulogne<\/p>\n","protected":false},"excerpt":{"rendered":"<p>Stagiaire, Universit\u00e9 d\u2019ArtoisEtudiant en Master \u00ab\u00a0Art de la sc\u00e8ne et du spectacle vivant\u00a0\u00bb \u00e0 l\u2019Universit\u00e9 d\u2019Artois, je travaille sous la direction de Nathalie Gauthard sur les revues patoisantes du Boulonnais et les formes de mises en valeur du picard et du patrimoine immat\u00e9riel maritime par le spectacle vivant. Je suis charg\u00e9, au sein du projet [&hellip;]<\/p>\n","protected":false},"author":2,"featured_media":1910,"comment_status":"open","ping_status":"open","sticky":false,"template":"","format":"standard","meta":{"_acf_changed":false,"footnotes":""},"categories":[19],"tags":[],"class_list":["post-1909","post","type-post","status-publish","format-standard","has-post-thumbnail","hentry","category-lequipe"],"acf":[],"_links":{"self":[{"href":"https:\/\/patrimoinesinvisibles.com\/index.php\/wp-json\/wp\/v2\/posts\/1909","targetHints":{"allow":["GET"]}}],"collection":[{"href":"https:\/\/patrimoinesinvisibles.com\/index.php\/wp-json\/wp\/v2\/posts"}],"about":[{"href":"https:\/\/patrimoinesinvisibles.com\/index.php\/wp-json\/wp\/v2\/types\/post"}],"author":[{"embeddable":true,"href":"https:\/\/patrimoinesinvisibles.com\/index.php\/wp-json\/wp\/v2\/users\/2"}],"replies":[{"embeddable":true,"href":"https:\/\/patrimoinesinvisibles.com\/index.php\/wp-json\/wp\/v2\/comments?post=1909"}],"version-history":[{"count":5,"href":"https:\/\/patrimoinesinvisibles.com\/index.php\/wp-json\/wp\/v2\/posts\/1909\/revisions"}],"predecessor-version":[{"id":2154,"href":"https:\/\/patrimoinesinvisibles.com\/index.php\/wp-json\/wp\/v2\/posts\/1909\/revisions\/2154"}],"wp:featuredmedia":[{"embeddable":true,"href":"https:\/\/patrimoinesinvisibles.com\/index.php\/wp-json\/wp\/v2\/media\/1910"}],"wp:attachment":[{"href":"https:\/\/patrimoinesinvisibles.com\/index.php\/wp-json\/wp\/v2\/media?parent=1909"}],"wp:term":[{"taxonomy":"category","embeddable":true,"href":"https:\/\/patrimoinesinvisibles.com\/index.php\/wp-json\/wp\/v2\/categories?post=1909"},{"taxonomy":"post_tag","embeddable":true,"href":"https:\/\/patrimoinesinvisibles.com\/index.php\/wp-json\/wp\/v2\/tags?post=1909"}],"curies":[{"name":"wp","href":"https:\/\/api.w.org\/{rel}","templated":true}]}}