{"id":1432,"date":"2025-05-28T12:24:48","date_gmt":"2025-05-28T10:24:48","guid":{"rendered":"https:\/\/patrimoinesinvisibles.com\/?p=1432"},"modified":"2026-02-04T17:24:22","modified_gmt":"2026-02-04T16:24:22","slug":"le-reseau","status":"publish","type":"post","link":"https:\/\/patrimoinesinvisibles.com\/index.php\/2025\/05\/28\/le-reseau\/","title":{"rendered":"Le r\u00e9seau"},"content":{"rendered":"\n<p><strong>Universit\u00e9s et laboratoires<\/strong><\/p>\n\n\n\n<p>Universit\u00e9 Artois<\/p>\n\n\n\n<p><a href=\"https:\/\/www.univ-artois.fr\">https:\/\/www.univ-artois.fr<\/a><\/p>\n\n\n\n<p>Universit\u00e9 Picardie<\/p>\n\n\n\n<p><a href=\"https:\/\/www.u-picardie.fr\">https:\/\/www.u-picardie.fr<\/a><\/p>\n\n\n\n<p>Textes et cultures<\/p>\n\n\n\n<p>http:\/\/textesetcultures.univ-artois.fr<\/p>\n\n\n\n<p>CREHS<\/p>\n\n\n\n<p>http:\/\/crehs.univ-artois.fr&nbsp;<\/p>\n\n\n\n<p>Habiter le monde<\/p>\n\n\n\n<figure class=\"wp-block-embed is-type-wp-embed is-provider-habiter-le-monde wp-block-embed-habiter-le-monde\"><div class=\"wp-block-embed__wrapper\">\n<blockquote class=\"wp-embedded-content\" data-secret=\"5gJg2BDiKx\"><a href=\"https:\/\/www.u-picardie.fr\/habiterlemonde\/\">Habiter le monde<\/a><\/blockquote><iframe class=\"wp-embedded-content\" sandbox=\"allow-scripts\" security=\"restricted\" style=\"position: absolute; visibility: hidden;\" title=\"\u00ab\u00a0Habiter le monde\u00a0\u00bb &#8212; Habiter le monde\" src=\"https:\/\/www.u-picardie.fr\/habiterlemonde\/embed\/#?secret=NxGaypXXMG#?secret=5gJg2BDiKx\" data-secret=\"5gJg2BDiKx\" width=\"600\" height=\"338\" frameborder=\"0\" marginwidth=\"0\" marginheight=\"0\" scrolling=\"no\"><\/iframe>\n<\/div><\/figure>\n\n\n\n<p><strong>R\u00e9gion Hauts-de-France<\/strong><\/p>\n\n\n\n<p><a href=\"https:\/\/www.hautsdefrance.fr\/stimule-recherche\">https:\/\/www.hautsdefrance.fr\/stimule-recherche<\/a><\/p>\n\n\n\n<p><\/p>\n\n\n\n<p><\/p>\n\n\n\n<p><strong>Soci\u00e9t\u00e9s savantes<\/strong><\/p>\n\n\n\n<ul class=\"wp-block-list\">\n<li>M\u00e9moires d\u2019Opale<\/li>\n<\/ul>\n\n\n\n<p><a href=\"https:\/\/www.memoiredopale.fr\">https:\/\/www.memoiredopale.fr<\/a><\/p>\n\n\n\n<ul class=\"wp-block-list\">\n<li>Comit\u00e9 flamand de France<\/li>\n<\/ul>\n\n\n\n<p><a href=\"https:\/\/www.comiteflamanddefrance.fr\">https:\/\/www.comiteflamanddefrance.fr<\/a><\/p>\n\n\n\n<p><\/p>\n\n\n\n<p><strong>Biblioth\u00e8ques<\/strong><\/p>\n\n\n\n<p>M\u00e9diath\u00e8que Levy \u00e0 Lille<\/p>\n\n\n\n<p><a href=\"https:\/\/bm-lille.fr\">https:\/\/bm-lille.fr<\/a><\/p>\n\n\n\n<p>M\u00e9diath\u00e8que La grand plage \u00e0 Roubaix<\/p>\n\n\n\n<p>http:\/\/www.mediathequederoubaix.fr<\/p>\n\n\n\n<p>le Quadrant \/ la biblioth\u00e8que des Annonciades \u00e0 Boulogne<\/p>\n\n\n\n<p><a href=\"https:\/\/lequadrant.boulogne-sur-mer.fr\/iguana\/www.main.cls\">https:\/\/lequadrant.boulogne-sur-mer.fr\/iguana\/www.main.cls<\/a><\/p>\n\n\n\n<p><\/p>\n\n\n\n<p><strong>Archives municipales et d\u00e9partementales<\/strong><\/p>\n\n\n\n<figure class=\"wp-block-embed is-type-wp-embed is-provider-ville-boulogne-sur-mer wp-block-embed-ville-boulogne-sur-mer\"><div class=\"wp-block-embed__wrapper\">\n<blockquote class=\"wp-embedded-content\" data-secret=\"XAJG5YIGkR\"><a href=\"https:\/\/www.ville-boulogne-sur-mer.fr\/annuaire\/archives-municipales\/\">Archives Municipales<\/a><\/blockquote><iframe class=\"wp-embedded-content\" sandbox=\"allow-scripts\" security=\"restricted\" style=\"position: absolute; visibility: hidden;\" title=\"\u00ab\u00a0Archives Municipales\u00a0\u00bb &#8212; ville boulogne-sur-mer\" src=\"https:\/\/www.ville-boulogne-sur-mer.fr\/annuaire\/archives-municipales\/embed\/#?secret=iXIUBht1U9#?secret=XAJG5YIGkR\" data-secret=\"XAJG5YIGkR\" width=\"600\" height=\"338\" frameborder=\"0\" marginwidth=\"0\" marginheight=\"0\" scrolling=\"no\"><\/iframe>\n<\/div><\/figure>\n\n\n\n<p><a href=\"https:\/\/archives-dunkerque.fr\">https:\/\/archives-dunkerque.fr<\/a><\/p>\n\n\n\n<p><a href=\"https:\/\/www.archivespasdecalais.fr\">https:\/\/www.archivespasdecalais.fr<\/a><\/p>\n\n\n\n<p><a href=\"https:\/\/archivesdepartementales.lenord.fr\">https:\/\/archivesdepartementales.lenord.fr<\/a><\/p>\n\n\n\n<p><\/p>\n\n\n\n<p><strong>Mus\u00e9es<\/strong><\/p>\n\n\n\n<p>Mus\u00e9e de la marine d\u2019Etaples<\/p>\n\n\n\n<p>Mus\u00e9e maritime et portuaire de Dunkerque<\/p>\n\n\n\n<p><a href=\"https:\/\/www.museemaritimeportuaire.com\">https:\/\/www.museemaritimeportuaire.com<\/a><\/p>\n\n\n\n<p>Mar\u00e9is<\/p>\n\n\n\n<figure class=\"wp-block-embed is-type-wp-embed is-provider-mar-is wp-block-embed-mar-is\"><div class=\"wp-block-embed__wrapper\">\n<blockquote class=\"wp-embedded-content\" data-secret=\"lFITuSlNSo\"><a href=\"https:\/\/www.mareis.fr\/\">Accueil<\/a><\/blockquote><iframe class=\"wp-embedded-content\" sandbox=\"allow-scripts\" security=\"restricted\" style=\"position: absolute; visibility: hidden;\" title=\"\u00ab\u00a0Accueil\u00a0\u00bb &#8212; Mar\u00e9is\" src=\"https:\/\/www.mareis.fr\/embed\/#?secret=eJdTLsNHzL#?secret=lFITuSlNSo\" data-secret=\"lFITuSlNSo\" width=\"600\" height=\"338\" frameborder=\"0\" marginwidth=\"0\" marginheight=\"0\" scrolling=\"no\"><\/iframe>\n<\/div><\/figure>\n\n\n\n<p><\/p>\n\n\n\n<p><strong>Radios locales int\u00e9ress\u00e9es par la tradition<\/strong><\/p>\n\n\n\n<p>radio Uylenspiegel<\/p>\n\n\n\n<p><a href=\"https:\/\/www.radio.fr\/s\/uylenspiegel\">https:\/\/www.radio.fr\/s\/uylenspiegel<\/a><\/p>\n\n\n\n<p><\/p>\n\n\n\n<p><strong>Offices de tourisme<\/strong><\/p>\n\n\n\n<ul class=\"wp-block-list\">\n<li><a href=\"https:\/\/www.boulonnaisautop.com\/\" data-type=\"link\" data-id=\"https:\/\/www.boulonnaisautop.com\/\">Boulogne<\/a>&nbsp;<\/li>\n<\/ul>\n\n\n\n<ul class=\"wp-block-list\">\n<li><a href=\"https:\/\/www.tourisme-etaples.com\/\">Etaples<\/a>&nbsp;<\/li>\n<\/ul>\n\n\n\n<ul class=\"wp-block-list\">\n<li><a href=\"https:\/\/www.dunkerque-tourisme.fr\/\">Dunkerque<\/a>&nbsp;<\/li>\n<\/ul>\n\n\n\n<ul class=\"wp-block-list\">\n<li><a href=\"https:\/\/www.destinationmontreuilloisencotedopale.com\/\" data-type=\"link\" data-id=\"https:\/\/www.destinationmontreuilloisencotedopale.com\/\">Montreuil<\/a><\/li>\n<\/ul>\n\n\n\n<ul class=\"wp-block-list\">\n<li><a href=\"https:\/\/www.arraspaysdartois.com\/\" data-type=\"link\" data-id=\"https:\/\/www.arraspaysdartois.com\/\">Arras<\/a><\/li>\n<\/ul>\n\n\n\n<ul class=\"wp-block-list\">\n<li><a href=\"https:\/\/www.amiens-tourisme.com\/\">Amiens<\/a><\/li>\n<\/ul>\n\n\n\n<ul class=\"wp-block-list\">\n<li><a href=\"https:\/\/www.lilletourism.com\/\" data-type=\"link\" data-id=\"https:\/\/www.lilletourism.com\/\">Lille<\/a> <\/li>\n<\/ul>\n\n\n\n<ul class=\"wp-block-list\">\n<li><a href=\"https:\/\/tourisme-lens.fr\/\" data-type=\"link\" data-id=\"https:\/\/tourisme-lens.fr\/\">Lens<\/a><\/li>\n<\/ul>\n\n\n\n<ul class=\"wp-block-list\">\n<li><a href=\"https:\/\/www.douaisis-agglo-tourisme.com\/\">Douai<\/a><\/li>\n<\/ul>\n\n\n\n<ul class=\"wp-block-list\">\n<li><a href=\"https:\/\/www.tourisme-saintomer.com\/\" data-type=\"link\" data-id=\"https:\/\/www.tourisme-saintomer.com\/\">St Omer<\/a><\/li>\n<\/ul>\n\n\n\n<div style=\"height:25px\" aria-hidden=\"true\" class=\"wp-block-spacer\"><\/div>\n\n\n\n<p><strong>Groupes et interpr\u00e8tes valorisant les musiques locales<\/strong><\/p>\n\n\n\n<ul class=\"wp-block-list\">\n<li><a href=\"https:\/\/ocatteau.wixsite.com\/labricole\">La Bricole<\/a>&nbsp;<\/li>\n<\/ul>\n\n\n\n<ul class=\"wp-block-list\">\n<li><a href=\"http:\/\/www.les-soleils-boulonnais.com\/\">Les Soleils boulonnais<\/a>&nbsp;<\/li>\n<\/ul>\n\n\n\n<ul class=\"wp-block-list\">\n<li><a href=\"https:\/\/www.facebook.com\/p\/Les-Bons-ZEnfants-dEtaples-100031869236852\/\">Les bons z\u2019enfants d\u2019Etaples<\/a>&nbsp;<\/li>\n<\/ul>\n\n\n\n<ul class=\"wp-block-list\">\n<li><a href=\"ttps:\/\/www.facebook.com\/DinguesDesProut\/?locale=fr_FR\" data-type=\"link\" data-id=\"ttps:\/\/www.facebook.com\/DinguesDesProut\/?locale=fr_FR\">Les Prout<\/a><\/li>\n<\/ul>\n\n\n\n<ul class=\"wp-block-list\">\n<li><a href=\"https:\/\/www.facebook.com\/masquelourblousebande\/?locale=fr_FR\">Masquelour Blouse band<\/a><\/li>\n<\/ul>\n\n\n\n<ul class=\"wp-block-list\">\n<li><a href=\"https:\/\/www.leterrierproductions.com\/musiques-actuelles\/marcel-et-son-orchestre\/\" data-type=\"link\" data-id=\"https:\/\/www.leterrierproductions.com\/musiques-actuelles\/marcel-et-son-orchestre\/\">Marcel et son orchestre<\/a><\/li>\n<\/ul>\n\n\n\n<ul class=\"wp-block-list\">\n<li><a href=\"https:\/\/www.youtube.com\/@lesfroutes\">Les Froutes<\/a><\/li>\n<\/ul>\n\n\n\n<ul class=\"wp-block-list\">\n<li><a href=\"http:\/\/www.vareuses-porteloises.com\/\" data-type=\"link\" data-id=\"http:\/\/www.vareuses-porteloises.com\/\">Les vareuses porteloises<\/a><\/li>\n<\/ul>\n\n\n\n<div style=\"height:25px\" aria-hidden=\"true\" class=\"wp-block-spacer\"><\/div>\n\n\n\n<p><strong>F\u00e9d\u00e9rations r\u00e9gionales ou nationales<\/strong><\/p>\n\n\n\n<ul class=\"wp-block-list\">\n<li><a href=\"https:\/\/www.fffsh.eu\/\">F\u00e9d\u00e9ration Fran\u00e7aise des F\u00eates et Spectacles Historiques<\/a><\/li>\n<\/ul>\n\n\n\n<ul class=\"wp-block-list\">\n<li><a href=\"https:\/\/www.francefolklore.fr\/\">France Folkore<\/a><\/li>\n<\/ul>\n\n\n\n<ul class=\"wp-block-list\">\n<li><a href=\"https:\/\/languepicarde.fr\/\">Agence r\u00e9gionale de la langue picarde<\/a><\/li>\n<\/ul>\n\n\n\n<p><strong>G\u00e9ants<\/strong><\/p>\n\n\n\n<ul class=\"wp-block-list\">\n<li><a href=\"https:\/\/maisondesgeants.be\/le-musee\/\" data-type=\"link\" data-id=\"https:\/\/maisondesgeants.be\/le-musee\/\">La Maison des G\u00e9ants &#8211; Ath (Belgique)<\/a><\/li>\n<\/ul>\n\n\n\n<ul class=\"wp-block-list\">\n<li><a href=\"https:\/\/www.geants-carnaval.org\/association.html\">Association &#8220;Sauvegarde et promotion des g\u00e9ants&#8221;<\/a><\/li>\n<\/ul>\n\n\n\n<div style=\"height:25px\" aria-hidden=\"true\" class=\"wp-block-spacer\"><\/div>\n\n\n\n<p><strong>Spectacles<\/strong><\/p>\n\n\n\n<ul class=\"wp-block-list\">\n<li><a href=\"https:\/\/www.revueboulonnaise.fr\/\">La Revue Boulonnaise<\/a><\/li>\n<\/ul>\n\n\n\n<ul class=\"wp-block-list\">\n<li><a href=\"https:\/\/linktr.ee\/parlonsportelois\">La Revue Porteloise<\/a><\/li>\n<\/ul>\n\n\n\n<ul class=\"wp-block-list\">\n<li><a href=\"https:\/\/lepetrouchka.com\/alphonse-et-zulma.html\">Alphonse et Zulma<\/a><\/li>\n<\/ul>\n\n\n\n<ul class=\"wp-block-list\">\n<li><a href=\"https:\/\/www.sylvieandcoqs.com\/\">Sylvie and Co(q)s<\/a><\/li>\n<\/ul>\n\n\n\n<ul class=\"wp-block-list\">\n<li><a href=\"https:\/\/www.lesmiserables-montreuil.com\/\">Les Mis\u00e9rables \u00e0 Montreuil-sur-Mer<\/a><\/li>\n<\/ul>\n\n\n\n<ul class=\"wp-block-list\">\n<li><a href=\"https:\/\/www.cathedrale-boulogne.asso.fr\/les-spectacles\/\" data-type=\"link\" data-id=\"https:\/\/www.cathedrale-boulogne.asso.fr\/les-spectacles\/\">L&#8217;\u00e9tonnante Histoire de Boulogne-sur-Mer<\/a><\/li>\n<\/ul>\n\n\n\n<div style=\"height:25px\" aria-hidden=\"true\" class=\"wp-block-spacer\"><\/div>\n\n\n\n<p><strong>Blogs et sites sp\u00e9cialis\u00e9s<\/strong><\/p>\n\n\n\n<ul class=\"wp-block-list\">\n<li><a href=\"https:\/\/archivesdufolk59-62.blogspot.com\/\">M\u00e9moires du Folk en Nord-Pas-de-Calais<\/a><\/li>\n<\/ul>\n\n\n\n<ul class=\"wp-block-list\">\n<li><a href=\"https:\/\/www.youtube.com\/@lebouledogueduboulonnais4972\">Le Bouledogue du Boulonnais (cha\u00eene Youtube)<\/a><\/li>\n<\/ul>\n\n\n\n<p><\/p>\n\n\n\n<p><\/p>\n","protected":false},"excerpt":{"rendered":"<p>Universit\u00e9s et laboratoires Universit\u00e9 Artois https:\/\/www.univ-artois.fr Universit\u00e9 Picardie https:\/\/www.u-picardie.fr Textes et cultures http:\/\/textesetcultures.univ-artois.fr CREHS http:\/\/crehs.univ-artois.fr&nbsp; Habiter le monde R\u00e9gion Hauts-de-France https:\/\/www.hautsdefrance.fr\/stimule-recherche Soci\u00e9t\u00e9s savantes https:\/\/www.memoiredopale.fr https:\/\/www.comiteflamanddefrance.fr Biblioth\u00e8ques M\u00e9diath\u00e8que Levy \u00e0 Lille https:\/\/bm-lille.fr M\u00e9diath\u00e8que La grand plage \u00e0 Roubaix http:\/\/www.mediathequederoubaix.fr le Quadrant \/ la biblioth\u00e8que des Annonciades \u00e0 Boulogne https:\/\/lequadrant.boulogne-sur-mer.fr\/iguana\/www.main.cls Archives municipales et d\u00e9partementales https:\/\/archives-dunkerque.fr https:\/\/www.archivespasdecalais.fr https:\/\/archivesdepartementales.lenord.fr [&hellip;]<\/p>\n","protected":false},"author":1,"featured_media":0,"comment_status":"open","ping_status":"open","sticky":false,"template":"","format":"standard","meta":{"_acf_changed":false,"footnotes":""},"categories":[29],"tags":[],"class_list":["post-1432","post","type-post","status-publish","format-standard","hentry","category-reseau"],"acf":[],"_links":{"self":[{"href":"https:\/\/patrimoinesinvisibles.com\/index.php\/wp-json\/wp\/v2\/posts\/1432","targetHints":{"allow":["GET"]}}],"collection":[{"href":"https:\/\/patrimoinesinvisibles.com\/index.php\/wp-json\/wp\/v2\/posts"}],"about":[{"href":"https:\/\/patrimoinesinvisibles.com\/index.php\/wp-json\/wp\/v2\/types\/post"}],"author":[{"embeddable":true,"href":"https:\/\/patrimoinesinvisibles.com\/index.php\/wp-json\/wp\/v2\/users\/1"}],"replies":[{"embeddable":true,"href":"https:\/\/patrimoinesinvisibles.com\/index.php\/wp-json\/wp\/v2\/comments?post=1432"}],"version-history":[{"count":7,"href":"https:\/\/patrimoinesinvisibles.com\/index.php\/wp-json\/wp\/v2\/posts\/1432\/revisions"}],"predecessor-version":[{"id":2158,"href":"https:\/\/patrimoinesinvisibles.com\/index.php\/wp-json\/wp\/v2\/posts\/1432\/revisions\/2158"}],"wp:attachment":[{"href":"https:\/\/patrimoinesinvisibles.com\/index.php\/wp-json\/wp\/v2\/media?parent=1432"}],"wp:term":[{"taxonomy":"category","embeddable":true,"href":"https:\/\/patrimoinesinvisibles.com\/index.php\/wp-json\/wp\/v2\/categories?post=1432"},{"taxonomy":"post_tag","embeddable":true,"href":"https:\/\/patrimoinesinvisibles.com\/index.php\/wp-json\/wp\/v2\/tags?post=1432"}],"curies":[{"name":"wp","href":"https:\/\/api.w.org\/{rel}","templated":true}]}}